{"id":86,"date":"2016-01-10T13:56:44","date_gmt":"2016-01-10T13:56:44","guid":{"rendered":"http:\/\/www.brzovicabogados.com\/wp\/?p=86"},"modified":"2016-05-10T13:57:26","modified_gmt":"2016-05-10T13:57:26","slug":"que-hay-de-verdad","status":"publish","type":"post","link":"https:\/\/www.brzovicabogados.com\/en\/que-hay-de-verdad\/","title":{"rendered":"Qu\u00e9 hay de verdad"},"content":{"rendered":"<p>Los primeros ministros del Interior y Hacienda del actual gobierno hicieron su \u201cpega\u201d, y bastante bien. Dejaron instaladas reformas ideol\u00f3gicas estructurales que hasta ahora nadie de la oposici\u00f3n ha podido con ellas contando adem\u00e1s con Congreso mayoritario. <\/p>\n<p>Algunas, como la tributaria, pasaron por el buz\u00f3n de la C\u00e1mara de Diputados sin observaci\u00f3n alguna, y contaron con la unanimidad de los senadores una vez que se lleg\u00f3 al acuerdo denominado \u201cprotocolo\u201d al cual todos sonrieron a las c\u00e1maras para la historia. Sigui\u00f3 su curso a convertirse en ley a pesar de que en algunos casos se presentaba como casi impracticable y con una excesiva carga tributaria, afectando adem\u00e1s la oportunidad en el pago de los impuestos.<\/p>\n<p>Al poco tiempo de ser aprobada y a pesar de todos los informes t\u00e9cnicos de expertos y opiniones de la totalidad de los sectores advirtiendo la dificultad para su aplicaci\u00f3n y la dura carga a la clase media y PYMES, el Gobierno se vio obligado a hacerse cargo ellas, (las primeras) remitiendo al Congreso un proyecto denominado de simplificaci\u00f3n tributaria o como algunos lo llaman de Reforma a la Reforma.<\/p>\n<p>No hay duda que la posible reforma de algunos puntos criticados ha sido una extraordinaria e inteligente estrategia del Gobierno pues con la atenci\u00f3n en ellas, les ha permitido avanzar sin m\u00e1s contratiempos en los temas esenciales como ha sido la carga tributaria y la incerteza de la denominada elusi\u00f3n. No olvidemos adem\u00e1s que se ha abierto el camino a buscar algunos acuerdos negociados con la oposici\u00f3n lo que ser\u00e1 un  fuerte argumento de complicidad cuando se revele la reforma en su aplicaci\u00f3n pr\u00e1ctica. Ojal\u00e1 no sean caros los dulces que ha repartido.<\/p>\n<p>Pero qu\u00e9 ha ocurrido con algunos centros de estudio, empresarios,  redes sociales y tantos otros interesados, entidades opuestas al menos a la celeridad en su estudio o bien al proyecto original en mayor o menor parte.<\/p>\n<p>Pues bien, lo expresaron m\u00e1s o menos t\u00edmidamente en diarios, algunas radios, programas de televisi\u00f3n, foros, llegando sus ideas, seg\u00fan los estudios, a un n\u00famero muy menor del 5% de la poblaci\u00f3n que se informa por estos medios. Quien sabe las redes sociales tuvieron mayor cobertura.<\/p>\n<p>Durante toda la tramitaci\u00f3n de las reformas tributarias, particularmente en sus inicios, algunos pilares del Impuesto a la Renta fueron llevados al cadalso, como fue el FUT. Lo menos que se dec\u00eda es que los empresarios robaban a trav\u00e9s de este registro. En fin, tonteras siempre se escuchan, pero lo grave era que se repitieron ignorantemente, muchas veces, por algunos medios de prensa. <\/p>\n<p>Desprestigiar a las empresas y la derecha pol\u00edtica constituy\u00f3 tambi\u00e9n una propaganda incansable y sistem\u00e1tica para dar viabilidad en el sentir de las personas la necesidad de esta reforma. La ideolog\u00eda que inspiraba a esta y otros cambios sustanciales, no visibles para muchos, hicieron que las estrategias para modificarlas o morigerarlas en el extremo, no surtieran efecto.<\/p>\n<p>En el \u00e1mbito empresarial, a pesar de sus s\u00f3lidos planteamientos, no lograron revertir dos temas que en mi opini\u00f3n han sido vitales: el aumento de la carga tributaria y la redacci\u00f3n de las normas anti elusivas. El primero, como se ha demostrado hasta el cansancio que el rendimiento de los recursos en manos de privados es m\u00e1s eficiente, y el segundo, porque la incertidumbre para obtener la mayor eficiencia tributaria de las empresas, puede, con la normativa actual, ser objeto de elusi\u00f3n, sin serlo, con severos costos y sanciones.<\/p>\n<p>Pero en definitiva el argumento del crecimiento, la eficiencia, y tantos otros que permiten avanzar econ\u00f3mica y socialmente a un pa\u00eds, no forman parte del l\u00e9xico de la ideolog\u00eda que ilumina a los autores y adl\u00e1teres de las reformas. Su motivaci\u00f3n y objetivos son otros.<\/p>\n<p>Finalmente no debemos desconocer las declaraciones de varios empresarios no PYMES que el aumento de la carga es algo que se puede soportar. Si esa declaraci\u00f3n se hace para dejar tranquilo a un gobierno \u00e1vido de impuestos es un error pues esta semana hemos le\u00eddo los comentarios de un importante funcionario del gobierno en la ceremonia de presentaci\u00f3n del proyecto de reforma a la reforma tributaria quien declar\u00f3 que la carga impositiva chilena en relaci\u00f3n a los pa\u00edses de la OCDE \u201cseguir\u00e1 siendo baja con esta reforma tributaria\u201d.<\/p>\n<p><strong>Franco Brzovic G.<\/strong><\/p>\n","protected":false},"excerpt":{"rendered":"<p>Los primeros ministros del Interior y Hacienda del actual gobierno hicieron su \u201cpega\u201d, y bastante bien. Dejaron instaladas reformas ideol\u00f3gicas estructurales que hasta ahora nadie de la oposici\u00f3n ha podido con ellas contando adem\u00e1s con Congreso mayoritario. <\/p>\n","protected":false},"author":1,"featured_media":0,"comment_status":"open","ping_status":"open","sticky":false,"template":"","format":"standard","meta":{"footnotes":""},"categories":[1],"tags":[],"class_list":["post-86","post","type-post","status-publish","format-standard","hentry","category-columnas"],"_links":{"self":[{"href":"https:\/\/www.brzovicabogados.com\/en\/wp-json\/wp\/v2\/posts\/86","targetHints":{"allow":["GET"]}}],"collection":[{"href":"https:\/\/www.brzovicabogados.com\/en\/wp-json\/wp\/v2\/posts"}],"about":[{"href":"https:\/\/www.brzovicabogados.com\/en\/wp-json\/wp\/v2\/types\/post"}],"author":[{"embeddable":true,"href":"https:\/\/www.brzovicabogados.com\/en\/wp-json\/wp\/v2\/users\/1"}],"replies":[{"embeddable":true,"href":"https:\/\/www.brzovicabogados.com\/en\/wp-json\/wp\/v2\/comments?post=86"}],"version-history":[{"count":1,"href":"https:\/\/www.brzovicabogados.com\/en\/wp-json\/wp\/v2\/posts\/86\/revisions"}],"predecessor-version":[{"id":87,"href":"https:\/\/www.brzovicabogados.com\/en\/wp-json\/wp\/v2\/posts\/86\/revisions\/87"}],"wp:attachment":[{"href":"https:\/\/www.brzovicabogados.com\/en\/wp-json\/wp\/v2\/media?parent=86"}],"wp:term":[{"taxonomy":"category","embeddable":true,"href":"https:\/\/www.brzovicabogados.com\/en\/wp-json\/wp\/v2\/categories?post=86"},{"taxonomy":"post_tag","embeddable":true,"href":"https:\/\/www.brzovicabogados.com\/en\/wp-json\/wp\/v2\/tags?post=86"}],"curies":[{"name":"wp","href":"https:\/\/api.w.org\/{rel}","templated":true}]}}